{"id":1540,"date":"2019-08-27T05:57:34","date_gmt":"2019-08-27T04:57:34","guid":{"rendered":"http:\/\/www.scoutlamoliere.ch\/?p=1540"},"modified":"2019-08-27T05:57:34","modified_gmt":"2019-08-27T04:57:34","slug":"reprise-des-activites-dautomne-6","status":"publish","type":"post","link":"https:\/\/www.scoutlamoliere.ch\/?p=1540","title":{"rendered":"Reprise des activit\u00e9s d&rsquo;automne"},"content":{"rendered":"<p>Les activit\u00e9s saisonni\u00e8res vont reprendre \u00e0 partir du 21 septembre 2019 prochain \u00e0 13h30 \u00e0 la cabane. Pour les autres dates, consultez les dates importantes de la rubrique informations.<\/p>\n<p><a href=\"http:\/\/www.scoutlamoliere.ch\/wp-content\/uploads\/2019\/08\/Reprise_Automne-20191.pdf\">Courrier de reprise<\/a><\/p>\n<p>Notez que pour des raisons d\u2019organisation, la limite d\u2019\u00e2ge pour les nouveaux scouts est fix\u00e9e \u00e0 6 ans r\u00e9volu.<\/p>\n<p>\u00e9crite par J. Bonny 27.08.2019<\/p>\n","protected":false},"excerpt":{"rendered":"<p>Les activit\u00e9s saisonni\u00e8res vont reprendre \u00e0 partir du 21 septembre 2019 prochain \u00e0 13h30 \u00e0 la cabane. Pour les autres dates, consultez les dates importantes de la rubrique informations. Courrier de reprise Notez que pour des raisons d\u2019organisation, la limite d\u2019\u00e2ge pour les nouveaux scouts est fix\u00e9e \u00e0 6 ans r\u00e9volu. \u00e9crite par J. Bonny &hellip; <a href=\"https:\/\/www.scoutlamoliere.ch\/?p=1540\" class=\"more-link\">Continuer la lecture de <span class=\"screen-reader-text\">Reprise des activit\u00e9s d&rsquo;automne<\/span>  <span class=\"meta-nav\">&rarr;<\/span><\/a><\/p>\n","protected":false},"author":1,"featured_media":0,"comment_status":"closed","ping_status":"open","sticky":false,"template":"","format":"standard","meta":{"footnotes":""},"categories":[3],"tags":[],"class_list":["post-1540","post","type-post","status-publish","format-standard","hentry","category-news"],"_links":{"self":[{"href":"https:\/\/www.scoutlamoliere.ch\/index.php?rest_route=\/wp\/v2\/posts\/1540","targetHints":{"allow":["GET"]}}],"collection":[{"href":"https:\/\/www.scoutlamoliere.ch\/index.php?rest_route=\/wp\/v2\/posts"}],"about":[{"href":"https:\/\/www.scoutlamoliere.ch\/index.php?rest_route=\/wp\/v2\/types\/post"}],"author":[{"embeddable":true,"href":"https:\/\/www.scoutlamoliere.ch\/index.php?rest_route=\/wp\/v2\/users\/1"}],"replies":[{"embeddable":true,"href":"https:\/\/www.scoutlamoliere.ch\/index.php?rest_route=%2Fwp%2Fv2%2Fcomments&post=1540"}],"version-history":[{"count":1,"href":"https:\/\/www.scoutlamoliere.ch\/index.php?rest_route=\/wp\/v2\/posts\/1540\/revisions"}],"predecessor-version":[{"id":1542,"href":"https:\/\/www.scoutlamoliere.ch\/index.php?rest_route=\/wp\/v2\/posts\/1540\/revisions\/1542"}],"wp:attachment":[{"href":"https:\/\/www.scoutlamoliere.ch\/index.php?rest_route=%2Fwp%2Fv2%2Fmedia&parent=1540"}],"wp:term":[{"taxonomy":"category","embeddable":true,"href":"https:\/\/www.scoutlamoliere.ch\/index.php?rest_route=%2Fwp%2Fv2%2Fcategories&post=1540"},{"taxonomy":"post_tag","embeddable":true,"href":"https:\/\/www.scoutlamoliere.ch\/index.php?rest_route=%2Fwp%2Fv2%2Ftags&post=1540"}],"curies":[{"name":"wp","href":"https:\/\/api.w.org\/{rel}","templated":true}]}}