{"id":1987,"date":"2024-10-28T20:19:50","date_gmt":"2024-10-28T19:19:50","guid":{"rendered":"https:\/\/www.scoutlamoliere.ch\/?p=1987"},"modified":"2024-10-28T20:28:59","modified_gmt":"2024-10-28T19:28:59","slug":"les-silver-scouts","status":"publish","type":"post","link":"https:\/\/www.scoutlamoliere.ch\/?p=1987","title":{"rendered":"Les Silver Scouts"},"content":{"rendered":"\n<p>Avec une vingtaine d\u2019int\u00e9ress\u00e9s, la soir\u00e9e de pr\u00e9sentation de la nouvelle branche du groupement a eu lieu ce samedi 19 octobre et s\u2019est termin\u00e9e par une morce cuite au feu de bois.<\/p>\n\n\n\n<p>Les Silver Scouts est une branche destin\u00e9e aux anciens scouts de plus de 25 ans ayant \u00e9t\u00e9 membres du groupement scout de la Moli\u00e8re. Ce projet a pour but de maintenir un lien entre les anciens membres et le groupement, en favorisant les \u00e9changes, en apportant un soutien et en cr\u00e9ant de la coh\u00e9sion au sein de la communaut\u00e9. Les Silver Scouts s&rsquo;engagent \u00e0 payer une cotisation annuelle de 60 CHF, et leur participation aux activit\u00e9s propos\u00e9es reste facultative mais encourag\u00e9e.<\/p>\n\n\n\n<p>Les&nbsp;activit\u00e9s&nbsp;incluent une sortie annuelle et trois r\u00e9unions dans l\u2019ann\u00e9e, se d\u00e9roulant les samedis de 9h \u00e0 15h, dont une en pr\u00e9sence des moniteurs actifs. Les Silver Scouts ont aussi la possibilit\u00e9 de participer \u00e0 des remplacements de moniteurs ou de s&rsquo;investir dans le b\u00e9n\u00e9volat pour des manifestations r\u00e9gionales. Les r\u00e9unions se tiennent g\u00e9n\u00e9ralement \u00e0 la cabane du groupement ou dans des lieux pr\u00e9alablement d\u00e9finis, et les dates des rencontres sont communiqu\u00e9es pour l\u2019ann\u00e9e enti\u00e8re.<\/p>\n\n\n\n<p>La communication entre les membres s\u2019organise via un groupe WhatsApp, permettant de s\u2019inscrire aux r\u00e9unions et de rester inform\u00e9 des activit\u00e9s \u00e0 venir. Les inscriptions \u00e0 la branche et aux \u00e9v\u00e9nements se font directement aupr\u00e8s du responsable de branche.<\/p>\n\n\n\n<p>La pr\u00e9sentation se termine sur une ouverture aux suggestions et aux attentes des membres pour enrichir l\u2019exp\u00e9rience et le soutien au groupement, suivie de remerciements pour leur implication.<\/p>\n\n\n\n<figure class=\"wp-block-image size-large\"><img loading=\"lazy\" decoding=\"async\" width=\"1024\" height=\"336\" src=\"https:\/\/www.scoutlamoliere.ch\/wp-content\/uploads\/2024\/10\/Capture-decran-2024-10-28-201802-1024x336.png\" alt=\"\" class=\"wp-image-1988\" srcset=\"https:\/\/www.scoutlamoliere.ch\/wp-content\/uploads\/2024\/10\/Capture-decran-2024-10-28-201802-1024x336.png 1024w, https:\/\/www.scoutlamoliere.ch\/wp-content\/uploads\/2024\/10\/Capture-decran-2024-10-28-201802-300x98.png 300w, https:\/\/www.scoutlamoliere.ch\/wp-content\/uploads\/2024\/10\/Capture-decran-2024-10-28-201802-768x252.png 768w, https:\/\/www.scoutlamoliere.ch\/wp-content\/uploads\/2024\/10\/Capture-decran-2024-10-28-201802-1536x504.png 1536w, https:\/\/www.scoutlamoliere.ch\/wp-content\/uploads\/2024\/10\/Capture-decran-2024-10-28-201802.png 1579w\" sizes=\"auto, (max-width: 1024px) 100vw, 1024px\" \/><\/figure>\n\n\n\n<p>Les silver se r\u00e9uniront pour la premi\u00e8re fois le 7 d\u00e9cembre prochain \u00e0 l\u2019occasion de la premi\u00e8re r\u00e9union de la saison 2024-2025 qui compte d\u00e9j\u00e0 20 membres inscrits. On leur souhaite franc succ\u00e8s et bien du plaisir dans cette nouvelle aventure.<\/p>\n\n\n\n<div data-wp-interactive=\"core\/file\" class=\"wp-block-file\"><object data-wp-bind--hidden=\"!state.hasPdfPreview\" hidden class=\"wp-block-file__embed\" data=\"http:\/\/www.scoutlamoliere.ch\/wp-content\/uploads\/2024\/10\/Silver-Scouts-pre\u00b4sentation.pdf\" type=\"application\/pdf\" style=\"width:100%;height:600px\" aria-label=\"Contenu embarqu\u00e9 Silver Scouts, pr\u00e9sentation.\"><\/object><a id=\"wp-block-file--media-af8b2249-aa0a-421d-9cc9-09405dd44bcb\" href=\"http:\/\/www.scoutlamoliere.ch\/wp-content\/uploads\/2024\/10\/Silver-Scouts-pre\u00b4sentation.pdf\">Silver Scouts, pr\u00e9sentation<\/a><a href=\"http:\/\/www.scoutlamoliere.ch\/wp-content\/uploads\/2024\/10\/Silver-Scouts-pre\u00b4sentation.pdf\" class=\"wp-block-file__button wp-element-button\" download aria-describedby=\"wp-block-file--media-af8b2249-aa0a-421d-9cc9-09405dd44bcb\">T\u00e9l\u00e9charger<\/a><\/div>\n\n\n\n<p><\/p>\n\n\n\n<p><em>\u00e9crit par webmaster 28.10.2024<\/em><\/p>\n\n\n\n<p><\/p>\n","protected":false},"excerpt":{"rendered":"<p>Avec une vingtaine d\u2019int\u00e9ress\u00e9s, la soir\u00e9e de pr\u00e9sentation de la nouvelle branche du groupement a eu lieu ce samedi 19 octobre et s\u2019est termin\u00e9e par une morce cuite au feu de bois. Les Silver Scouts est une branche destin\u00e9e aux anciens scouts de plus de 25 ans ayant \u00e9t\u00e9 membres du groupement scout de la &hellip; <a href=\"https:\/\/www.scoutlamoliere.ch\/?p=1987\" class=\"more-link\">Continuer la lecture de <span class=\"screen-reader-text\">Les Silver Scouts<\/span>  <span class=\"meta-nav\">&rarr;<\/span><\/a><\/p>\n","protected":false},"author":1,"featured_media":0,"comment_status":"closed","ping_status":"open","sticky":false,"template":"","format":"standard","meta":{"footnotes":""},"categories":[3],"tags":[],"class_list":["post-1987","post","type-post","status-publish","format-standard","hentry","category-news"],"_links":{"self":[{"href":"https:\/\/www.scoutlamoliere.ch\/index.php?rest_route=\/wp\/v2\/posts\/1987","targetHints":{"allow":["GET"]}}],"collection":[{"href":"https:\/\/www.scoutlamoliere.ch\/index.php?rest_route=\/wp\/v2\/posts"}],"about":[{"href":"https:\/\/www.scoutlamoliere.ch\/index.php?rest_route=\/wp\/v2\/types\/post"}],"author":[{"embeddable":true,"href":"https:\/\/www.scoutlamoliere.ch\/index.php?rest_route=\/wp\/v2\/users\/1"}],"replies":[{"embeddable":true,"href":"https:\/\/www.scoutlamoliere.ch\/index.php?rest_route=%2Fwp%2Fv2%2Fcomments&post=1987"}],"version-history":[{"count":5,"href":"https:\/\/www.scoutlamoliere.ch\/index.php?rest_route=\/wp\/v2\/posts\/1987\/revisions"}],"predecessor-version":[{"id":1997,"href":"https:\/\/www.scoutlamoliere.ch\/index.php?rest_route=\/wp\/v2\/posts\/1987\/revisions\/1997"}],"wp:attachment":[{"href":"https:\/\/www.scoutlamoliere.ch\/index.php?rest_route=%2Fwp%2Fv2%2Fmedia&parent=1987"}],"wp:term":[{"taxonomy":"category","embeddable":true,"href":"https:\/\/www.scoutlamoliere.ch\/index.php?rest_route=%2Fwp%2Fv2%2Fcategories&post=1987"},{"taxonomy":"post_tag","embeddable":true,"href":"https:\/\/www.scoutlamoliere.ch\/index.php?rest_route=%2Fwp%2Fv2%2Ftags&post=1987"}],"curies":[{"name":"wp","href":"https:\/\/api.w.org\/{rel}","templated":true}]}}